{"id":1211,"date":"2026-02-12T08:46:38","date_gmt":"2026-02-12T07:46:38","guid":{"rendered":"https:\/\/vilavila.makerstogo.entumas.com\/?p=1211"},"modified":"2026-04-09T23:16:15","modified_gmt":"2026-04-09T21:16:15","slug":"que-son-los-residuos-no-peligrosos","status":"publish","type":"post","link":"https:\/\/vilavilaserveisambientals.com\/es\/que-son-los-residuos-no-peligrosos\/","title":{"rendered":"\u00bfQu\u00e9 son los residuos no peligrosos?"},"content":{"rendered":"<p><span style=\"font-weight: 400;\">En nuestro d\u00eda a d\u00eda generamos una gran cantidad de residuos. Algunos son m\u00e1s nocivos y requieren una gesti\u00f3n m\u00e1s espec\u00edfica, pero hay otros que se catalogan como residuos <\/span><b>no peligrosos<\/b><span style=\"font-weight: 400;\">. Comprender qu\u00e9 son y c\u00f3mo gestionarlos correctamente es fundamental si queremos avanzar hacia una sociedad m\u00e1s sostenible.<\/span><\/p>\n<h2><\/h2>\n<h2><b>\u00bfQu\u00e9 son los residuos no peligrosos?<\/b><\/h2>\n<p><span style=\"font-weight: 400;\">Los residuos no peligrosos son aquellos que no representan un riesgo directo para la salud humana de forma directa. A diferencia de los residuos peligrosos, no contienen sustancias t\u00f3xicas, corrosivas, inflamables o reactivas. Esto no significa que se puedan gestionar de cualquier forma, pero s\u00ed que su tratamiento es m\u00e1s sencillo y menos exigente desde el punto de vista legal.<\/span><\/p>\n<h2><\/h2>\n<h2><b>\u00bfEn qu\u00e9 se diferencian de los residuos peligrosos?<\/b><\/h2>\n<p><span style=\"font-weight: 400;\">La principal diferencia radica en su composici\u00f3n y grado de riesgo. Los residuos peligrosos deben ser tratados con medidas especiales de seguridad y transporte porque pueden contaminar el suelo, el agua o el aire, o incluso poner en peligro a las personas que los manipulan. En cambio, los residuos no peligrosos no requieren tantas precauciones, aunque una mala gesti\u00f3n tambi\u00e9n puede tener consecuencias negativas, especialmente si no se reciclan o reutilizan adecuadamente.<\/span><\/p>\n<h2><\/h2>\n<h2><b>Tipos m\u00e1s comunes de residuos no peligrosos<\/b><\/h2>\n<p><span style=\"font-weight: 400;\">Seg\u00fan su origen y caracter\u00edsticas, los residuos no peligrosos pueden clasificarse en varias categor\u00edas. Aqu\u00ed algunos de los m\u00e1s habituales:<\/span><\/p>\n<ul>\n<li style=\"font-weight: 400;\" aria-level=\"1\"><b>Cart\u00f3n y papel<\/b><span style=\"font-weight: 400;\">: Cajas, folletos, peri\u00f3dicos, papeles de oficina.<\/span><span style=\"font-weight: 400;\">\n<p><\/span><\/li>\n<li style=\"font-weight: 400;\" aria-level=\"1\"><b>Envases<\/b><span style=\"font-weight: 400;\">: Botellas, film de embalaje.<\/span><span style=\"font-weight: 400;\">\n<p><\/span><\/li>\n<li style=\"font-weight: 400;\" aria-level=\"1\"><b>Madera<\/b><span style=\"font-weight: 400;\">: Palets, cajas de madera, restos de carpinter\u00eda.<\/span><span style=\"font-weight: 400;\">\n<p><\/span><\/li>\n<li style=\"font-weight: 400;\" aria-level=\"1\"><b>Metales f\u00e9rricos y no f\u00e9rricos<\/b><span style=\"font-weight: 400;\">: Chatarra, latas, piezas met\u00e1licas.<\/span><span style=\"font-weight: 400;\">\n<p><\/span><\/li>\n<li style=\"font-weight: 400;\" aria-level=\"1\"><b>Vidrio<\/b><span style=\"font-weight: 400;\">: Botellas, frascos, cristales sin componentes peligrosos.<\/span><span style=\"font-weight: 400;\">\n<p><\/span><\/li>\n<li style=\"font-weight: 400;\" aria-level=\"1\"><b>Textil<\/b><span style=\"font-weight: 400;\">: Ropa usada, residuos textiles industriales.<\/span><span style=\"font-weight: 400;\">\n<p><\/span><\/li>\n<li style=\"font-weight: 400;\" aria-level=\"1\"><b>Residuos org\u00e1nicos<\/b><span style=\"font-weight: 400;\">: Restos de comida, vegetales, poda.<\/span><span style=\"font-weight: 400;\">\n<p><\/span><\/li>\n<li style=\"font-weight: 400;\" aria-level=\"1\"><b>Escombros o residuos inertes de la construcci\u00f3n<\/b><span style=\"font-weight: 400;\">: Hormig\u00f3n, cer\u00e1mica, ladrillos.<\/span><span style=\"font-weight: 400;\">\n<p><\/span><\/li>\n<li style=\"font-weight: 400;\" aria-level=\"1\"><b>RAEES (residuos de aparatos el\u00e9ctricos y electr\u00f3nicos) no peligrosos: <\/b><span style=\"font-weight: 400;\">Televisores Led, cafeteras, planchas.<\/span><\/li>\n<li style=\"font-weight: 400;\" aria-level=\"1\"><b>Residuos voluminosos<\/b><span style=\"font-weight: 400;\">: Muebles, colchones, objetos grandes fuera de uso.<\/span><\/li>\n<\/ul>\n<p><span style=\"font-weight: 400;\"><\/p>\n<p><\/span><\/p>\n<h2><b>\u00bfPor qu\u00e9 es importante gestionarlos correctamente?<\/b><\/h2>\n<p><span style=\"font-weight: 400;\">Aunque estos residuos no sean peligrosos, su acumulaci\u00f3n y gesti\u00f3n inadecuada pueden generar un gran impacto ambiental negativo. Muchos de ellos tardan a\u00f1os o incluso siglos en degradarse, y ocupan un volumen considerable en vertederos.<\/span><\/p>\n<p><span style=\"font-weight: 400;\">Una buena gesti\u00f3n permite:<\/span><\/p>\n<ul>\n<li style=\"font-weight: 400;\" aria-level=\"1\">Aprovechar materiales reciclables<span style=\"font-weight: 400;\">, evitando la extracci\u00f3n de nuevos recursos.<\/span><span style=\"font-weight: 400;\">\n<p><\/span><\/li>\n<li style=\"font-weight: 400;\" aria-level=\"1\">Reducir la cantidad de residuos enviados a vertederos<span style=\"font-weight: 400;\">.<\/span><span style=\"font-weight: 400;\">\n<p><\/span><\/li>\n<li style=\"font-weight: 400;\" aria-level=\"1\">Disminuir la huella de carbono<span style=\"font-weight: 400;\"> asociada a la producci\u00f3n y transporte de materiales.<\/span><span style=\"font-weight: 400;\">\n<p><\/span><\/li>\n<li style=\"font-weight: 400;\" aria-level=\"1\">Promover la econom\u00eda circular<span style=\"font-weight: 400;\">, donde los residuos se convierten en recursos.<\/span><span style=\"font-weight: 400;\">\n<p><\/span><\/li>\n<\/ul>\n<h2><img loading=\"lazy\" decoding=\"async\" class=\"size-medium wp-image-1214 aligncenter\" src=\"https:\/\/vilavila.makerstogo.entumas.com\/wp-content\/uploads\/2025\/07\/MG_3722-550x367.jpg\" alt=\"\" width=\"550\" height=\"367\" srcset=\"https:\/\/vilavilaserveisambientals.com\/wp-content\/uploads\/2025\/07\/MG_3722-550x367.jpg 550w, https:\/\/vilavilaserveisambientals.com\/wp-content\/uploads\/2025\/07\/MG_3722-1400x933.jpg 1400w\" sizes=\"auto, (max-width: 550px) 100vw, 550px\" \/><\/h2>\n<p>&nbsp;<\/p>\n<h2><b>\u00bfC\u00f3mo puede ayudarte Vil\u00e0 Vila Serveis Ambientals?<\/b><\/h2>\n<p><span style=\"font-weight: 400;\">En Vil\u00e0 Vila Serveis Ambientals ofrecemos soluciones integrales para la gesti\u00f3n responsable de tus residuos. Contamos con:<\/span><\/p>\n<ul>\n<li style=\"font-weight: 400;\" aria-level=\"1\">Amplia variedad de contenedores adaptados a cada tipo de residuo.<\/li>\n<li style=\"font-weight: 400;\" aria-level=\"1\">Flota de veh\u00edculos propios para la recogida eficiente.<\/li>\n<li style=\"font-weight: 400;\" aria-level=\"1\">Plantas de tratamiento y reciclaje propias, donde valorizamos los residuos para reducir el impacto ambiental.<\/li>\n<li style=\"font-weight: 400;\" aria-level=\"1\">Asesoramiento t\u00e9cnico, para que cumplas con la normativa sin complicaciones.<span style=\"font-weight: 400;\">\n<p><\/span><\/li>\n<\/ul>\n<p><span style=\"font-weight: 400;\">Adem\u00e1s, nuestro compromiso con la sostenibilidad y la innovaci\u00f3n nos convierte en un aliado confiable para gestionar tus residuos de forma segura, legal y responsable.<\/span><\/p>\n<hr \/>\n<p><b>Reflexiona<\/b><span style=\"font-weight: 400;\">: \u00bfSabes cu\u00e1ntos residuos generas a la semana que podr\u00edan reciclarse o aprovecharse mejor? Cada peque\u00f1o gesto cuenta. Empezar a identificar y separar correctamente los residuos no peligrosos es un paso clave hacia un futuro m\u00e1s limpio y consciente.<\/span><\/p>\n<p><span style=\"font-weight: 400;\">\ud83d\udc49 Si necesitas ayuda para gestionar tus residuos no peligrosos, <\/span><span style=\"color: #ff0000;\">cuenta con <a href=\"https:\/\/vilavila.makerstogo.entumas.com\/\" target=\"_blank\" rel=\"noopener\">Vil\u00e0 Vila Serveis Ambientals<\/a><\/span><span style=\"font-weight: 400;\">. 30 a\u00f1os reciclando confianza.<\/span><\/p>\n","protected":false},"excerpt":{"rendered":"<p>En nuestro d\u00eda a d\u00eda generamos una gran cantidad de residuos. Algunos son m\u00e1s nocivos y requieren una gesti\u00f3n m\u00e1s espec\u00edfica, pero hay otros que se catalogan como residuos no peligrosos. Comprender qu\u00e9 son y c\u00f3mo gestionarlos correctamente es fundamental si queremos avanzar hacia una sociedad m\u00e1s sostenible. \u00bfQu\u00e9 son los residuos no peligrosos? Los [&hellip;]<\/p>\n","protected":false},"author":2,"featured_media":1212,"comment_status":"open","ping_status":"open","sticky":false,"template":"","format":"standard","meta":{"_acf_changed":false,"footnotes":""},"categories":[],"tags":[],"class_list":["post-1211","post","type-post","status-publish","format-standard","has-post-thumbnail","hentry"],"acf":[],"yoast_head":"<!-- This site is optimized with the Yoast SEO plugin v27.4 - https:\/\/yoast.com\/product\/yoast-seo-wordpress\/ -->\n<title>\u00bfQu\u00e9 son los residuos no peligrosos? - Vil\u00e0 Vila<\/title>\n<meta name=\"description\" content=\"\u00bfQu\u00e9 son los residuos no peligrosos? C\u00f3mo diferenciarlos y por qu\u00e9 su correcta gesti\u00f3n es clave para una econom\u00eda circular y sostenible.\" \/>\n<meta name=\"robots\" content=\"index, follow, max-snippet:-1, max-image-preview:large, max-video-preview:-1\" \/>\n<link rel=\"canonical\" href=\"https:\/\/vilavilaserveisambientals.com\/es\/que-son-los-residuos-no-peligrosos\/\" \/>\n<meta property=\"og:locale\" content=\"es_ES\" \/>\n<meta property=\"og:type\" content=\"article\" \/>\n<meta property=\"og:title\" content=\"\u00bfQu\u00e9 son los residuos no peligrosos? - Vil\u00e0 Vila\" \/>\n<meta property=\"og:description\" content=\"\u00bfQu\u00e9 son los residuos no peligrosos? C\u00f3mo diferenciarlos y por qu\u00e9 su correcta gesti\u00f3n es clave para una econom\u00eda circular y sostenible.\" \/>\n<meta property=\"og:url\" content=\"https:\/\/vilavilaserveisambientals.com\/es\/que-son-los-residuos-no-peligrosos\/\" \/>\n<meta property=\"og:site_name\" content=\"Vil\u00e0 Vila\" \/>\n<meta property=\"article:published_time\" content=\"2026-02-12T07:46:38+00:00\" \/>\n<meta property=\"article:modified_time\" content=\"2026-04-09T21:16:15+00:00\" \/>\n<meta property=\"og:image\" content=\"https:\/\/vilavilaserveisambientals.com\/wp-content\/uploads\/2025\/07\/250327-Serveis-Ambientals-31-scaled.jpg\" \/>\n\t<meta property=\"og:image:width\" content=\"2560\" \/>\n\t<meta property=\"og:image:height\" content=\"1707\" \/>\n\t<meta property=\"og:image:type\" content=\"image\/jpeg\" \/>\n<meta name=\"author\" content=\"Michaella Masters\" \/>\n<meta name=\"twitter:card\" content=\"summary_large_image\" \/>\n<meta name=\"twitter:label1\" content=\"Escrito por\" \/>\n\t<meta name=\"twitter:data1\" content=\"Michaella Masters\" \/>\n\t<meta name=\"twitter:label2\" content=\"Tiempo de lectura\" \/>\n\t<meta name=\"twitter:data2\" content=\"3 minutos\" \/>\n<script type=\"application\/ld+json\" class=\"yoast-schema-graph\">{\"@context\":\"https:\\\/\\\/schema.org\",\"@graph\":[{\"@type\":\"Article\",\"@id\":\"https:\\\/\\\/vilavilaserveisambientals.com\\\/es\\\/que-son-los-residuos-no-peligrosos\\\/#article\",\"isPartOf\":{\"@id\":\"https:\\\/\\\/vilavilaserveisambientals.com\\\/es\\\/que-son-los-residuos-no-peligrosos\\\/\"},\"author\":{\"name\":\"Michaella Masters\",\"@id\":\"https:\\\/\\\/vilavilaserveisambientals.com\\\/es\\\/#\\\/schema\\\/person\\\/197273ab9933200dd02d8c1fef65db80\"},\"headline\":\"\u00bfQu\u00e9 son los residuos no peligrosos?\",\"datePublished\":\"2026-02-12T07:46:38+00:00\",\"dateModified\":\"2026-04-09T21:16:15+00:00\",\"mainEntityOfPage\":{\"@id\":\"https:\\\/\\\/vilavilaserveisambientals.com\\\/es\\\/que-son-los-residuos-no-peligrosos\\\/\"},\"wordCount\":594,\"commentCount\":0,\"publisher\":{\"@id\":\"https:\\\/\\\/vilavilaserveisambientals.com\\\/es\\\/#organization\"},\"image\":{\"@id\":\"https:\\\/\\\/vilavilaserveisambientals.com\\\/es\\\/que-son-los-residuos-no-peligrosos\\\/#primaryimage\"},\"thumbnailUrl\":\"https:\\\/\\\/vilavilaserveisambientals.com\\\/wp-content\\\/uploads\\\/2025\\\/07\\\/250327-Serveis-Ambientals-31-scaled.jpg\",\"inLanguage\":\"es\",\"potentialAction\":[{\"@type\":\"CommentAction\",\"name\":\"Comment\",\"target\":[\"https:\\\/\\\/vilavilaserveisambientals.com\\\/es\\\/que-son-los-residuos-no-peligrosos\\\/#respond\"]}]},{\"@type\":\"WebPage\",\"@id\":\"https:\\\/\\\/vilavilaserveisambientals.com\\\/es\\\/que-son-los-residuos-no-peligrosos\\\/\",\"url\":\"https:\\\/\\\/vilavilaserveisambientals.com\\\/es\\\/que-son-los-residuos-no-peligrosos\\\/\",\"name\":\"\u00bfQu\u00e9 son los residuos no peligrosos? - Vil\u00e0 Vila\",\"isPartOf\":{\"@id\":\"https:\\\/\\\/vilavilaserveisambientals.com\\\/es\\\/#website\"},\"primaryImageOfPage\":{\"@id\":\"https:\\\/\\\/vilavilaserveisambientals.com\\\/es\\\/que-son-los-residuos-no-peligrosos\\\/#primaryimage\"},\"image\":{\"@id\":\"https:\\\/\\\/vilavilaserveisambientals.com\\\/es\\\/que-son-los-residuos-no-peligrosos\\\/#primaryimage\"},\"thumbnailUrl\":\"https:\\\/\\\/vilavilaserveisambientals.com\\\/wp-content\\\/uploads\\\/2025\\\/07\\\/250327-Serveis-Ambientals-31-scaled.jpg\",\"datePublished\":\"2026-02-12T07:46:38+00:00\",\"dateModified\":\"2026-04-09T21:16:15+00:00\",\"description\":\"\u00bfQu\u00e9 son los residuos no peligrosos? C\u00f3mo diferenciarlos y por qu\u00e9 su correcta gesti\u00f3n es clave para una econom\u00eda circular y sostenible.\",\"breadcrumb\":{\"@id\":\"https:\\\/\\\/vilavilaserveisambientals.com\\\/es\\\/que-son-los-residuos-no-peligrosos\\\/#breadcrumb\"},\"inLanguage\":\"es\",\"potentialAction\":[{\"@type\":\"ReadAction\",\"target\":[\"https:\\\/\\\/vilavilaserveisambientals.com\\\/es\\\/que-son-los-residuos-no-peligrosos\\\/\"]}]},{\"@type\":\"ImageObject\",\"inLanguage\":\"es\",\"@id\":\"https:\\\/\\\/vilavilaserveisambientals.com\\\/es\\\/que-son-los-residuos-no-peligrosos\\\/#primaryimage\",\"url\":\"https:\\\/\\\/vilavilaserveisambientals.com\\\/wp-content\\\/uploads\\\/2025\\\/07\\\/250327-Serveis-Ambientals-31-scaled.jpg\",\"contentUrl\":\"https:\\\/\\\/vilavilaserveisambientals.com\\\/wp-content\\\/uploads\\\/2025\\\/07\\\/250327-Serveis-Ambientals-31-scaled.jpg\",\"width\":2560,\"height\":1707},{\"@type\":\"BreadcrumbList\",\"@id\":\"https:\\\/\\\/vilavilaserveisambientals.com\\\/es\\\/que-son-los-residuos-no-peligrosos\\\/#breadcrumb\",\"itemListElement\":[{\"@type\":\"ListItem\",\"position\":1,\"name\":\"Home page\",\"item\":\"https:\\\/\\\/vilavilaserveisambientals.com\\\/es\\\/\"},{\"@type\":\"ListItem\",\"position\":2,\"name\":\"\u00bfQu\u00e9 son los residuos no peligrosos?\"}]},{\"@type\":\"WebSite\",\"@id\":\"https:\\\/\\\/vilavilaserveisambientals.com\\\/es\\\/#website\",\"url\":\"https:\\\/\\\/vilavilaserveisambientals.com\\\/es\\\/\",\"name\":\"Vil\u00e0 Vila\",\"description\":\"Serveis ambientals\",\"publisher\":{\"@id\":\"https:\\\/\\\/vilavilaserveisambientals.com\\\/es\\\/#organization\"},\"potentialAction\":[{\"@type\":\"SearchAction\",\"target\":{\"@type\":\"EntryPoint\",\"urlTemplate\":\"https:\\\/\\\/vilavilaserveisambientals.com\\\/es\\\/?s={search_term_string}\"},\"query-input\":{\"@type\":\"PropertyValueSpecification\",\"valueRequired\":true,\"valueName\":\"search_term_string\"}}],\"inLanguage\":\"es\"},{\"@type\":\"Organization\",\"@id\":\"https:\\\/\\\/vilavilaserveisambientals.com\\\/es\\\/#organization\",\"name\":\"Vil\u00e0 Vila Serveis Ambientals\",\"url\":\"https:\\\/\\\/vilavilaserveisambientals.com\\\/es\\\/\",\"logo\":{\"@type\":\"ImageObject\",\"inLanguage\":\"es\",\"@id\":\"https:\\\/\\\/vilavilaserveisambientals.com\\\/es\\\/#\\\/schema\\\/logo\\\/image\\\/\",\"url\":\"https:\\\/\\\/vilavilaserveisambientals.com\\\/wp-content\\\/uploads\\\/2025\\\/05\\\/Logo-VVSA-OK-scaled.png\",\"contentUrl\":\"https:\\\/\\\/vilavilaserveisambientals.com\\\/wp-content\\\/uploads\\\/2025\\\/05\\\/Logo-VVSA-OK-scaled.png\",\"width\":2560,\"height\":551,\"caption\":\"Vil\u00e0 Vila Serveis Ambientals\"},\"image\":{\"@id\":\"https:\\\/\\\/vilavilaserveisambientals.com\\\/es\\\/#\\\/schema\\\/logo\\\/image\\\/\"},\"sameAs\":[\"https:\\\/\\\/www.instagram.com\\\/vilavilaserveisambientals\\\/\",\"https:\\\/\\\/www.linkedin.com\\\/company\\\/vil-vil-serveis-ambientals\\\/\"]},{\"@type\":\"Person\",\"@id\":\"https:\\\/\\\/vilavilaserveisambientals.com\\\/es\\\/#\\\/schema\\\/person\\\/197273ab9933200dd02d8c1fef65db80\",\"name\":\"Michaella Masters\",\"image\":{\"@type\":\"ImageObject\",\"inLanguage\":\"es\",\"@id\":\"https:\\\/\\\/secure.gravatar.com\\\/avatar\\\/3c60641fa7d7014a0f78d57855c85814b18c069da344593668be2d255c8dbaec?s=96&d=mm&r=g\",\"url\":\"https:\\\/\\\/secure.gravatar.com\\\/avatar\\\/3c60641fa7d7014a0f78d57855c85814b18c069da344593668be2d255c8dbaec?s=96&d=mm&r=g\",\"contentUrl\":\"https:\\\/\\\/secure.gravatar.com\\\/avatar\\\/3c60641fa7d7014a0f78d57855c85814b18c069da344593668be2d255c8dbaec?s=96&d=mm&r=g\",\"caption\":\"Michaella Masters\"},\"url\":\"https:\\\/\\\/vilavilaserveisambientals.com\\\/es\\\/author\\\/michaella-m\\\/\"}]}<\/script>\n<!-- \/ Yoast SEO plugin. -->","yoast_head_json":{"title":"\u00bfQu\u00e9 son los residuos no peligrosos? - Vil\u00e0 Vila","description":"\u00bfQu\u00e9 son los residuos no peligrosos? C\u00f3mo diferenciarlos y por qu\u00e9 su correcta gesti\u00f3n es clave para una econom\u00eda circular y sostenible.","robots":{"index":"index","follow":"follow","max-snippet":"max-snippet:-1","max-image-preview":"max-image-preview:large","max-video-preview":"max-video-preview:-1"},"canonical":"https:\/\/vilavilaserveisambientals.com\/es\/que-son-los-residuos-no-peligrosos\/","og_locale":"es_ES","og_type":"article","og_title":"\u00bfQu\u00e9 son los residuos no peligrosos? - Vil\u00e0 Vila","og_description":"\u00bfQu\u00e9 son los residuos no peligrosos? C\u00f3mo diferenciarlos y por qu\u00e9 su correcta gesti\u00f3n es clave para una econom\u00eda circular y sostenible.","og_url":"https:\/\/vilavilaserveisambientals.com\/es\/que-son-los-residuos-no-peligrosos\/","og_site_name":"Vil\u00e0 Vila","article_published_time":"2026-02-12T07:46:38+00:00","article_modified_time":"2026-04-09T21:16:15+00:00","og_image":[{"width":2560,"height":1707,"url":"https:\/\/vilavilaserveisambientals.com\/wp-content\/uploads\/2025\/07\/250327-Serveis-Ambientals-31-scaled.jpg","type":"image\/jpeg"}],"author":"Michaella Masters","twitter_card":"summary_large_image","twitter_misc":{"Escrito por":"Michaella Masters","Tiempo de lectura":"3 minutos"},"schema":{"@context":"https:\/\/schema.org","@graph":[{"@type":"Article","@id":"https:\/\/vilavilaserveisambientals.com\/es\/que-son-los-residuos-no-peligrosos\/#article","isPartOf":{"@id":"https:\/\/vilavilaserveisambientals.com\/es\/que-son-los-residuos-no-peligrosos\/"},"author":{"name":"Michaella Masters","@id":"https:\/\/vilavilaserveisambientals.com\/es\/#\/schema\/person\/197273ab9933200dd02d8c1fef65db80"},"headline":"\u00bfQu\u00e9 son los residuos no peligrosos?","datePublished":"2026-02-12T07:46:38+00:00","dateModified":"2026-04-09T21:16:15+00:00","mainEntityOfPage":{"@id":"https:\/\/vilavilaserveisambientals.com\/es\/que-son-los-residuos-no-peligrosos\/"},"wordCount":594,"commentCount":0,"publisher":{"@id":"https:\/\/vilavilaserveisambientals.com\/es\/#organization"},"image":{"@id":"https:\/\/vilavilaserveisambientals.com\/es\/que-son-los-residuos-no-peligrosos\/#primaryimage"},"thumbnailUrl":"https:\/\/vilavilaserveisambientals.com\/wp-content\/uploads\/2025\/07\/250327-Serveis-Ambientals-31-scaled.jpg","inLanguage":"es","potentialAction":[{"@type":"CommentAction","name":"Comment","target":["https:\/\/vilavilaserveisambientals.com\/es\/que-son-los-residuos-no-peligrosos\/#respond"]}]},{"@type":"WebPage","@id":"https:\/\/vilavilaserveisambientals.com\/es\/que-son-los-residuos-no-peligrosos\/","url":"https:\/\/vilavilaserveisambientals.com\/es\/que-son-los-residuos-no-peligrosos\/","name":"\u00bfQu\u00e9 son los residuos no peligrosos? - Vil\u00e0 Vila","isPartOf":{"@id":"https:\/\/vilavilaserveisambientals.com\/es\/#website"},"primaryImageOfPage":{"@id":"https:\/\/vilavilaserveisambientals.com\/es\/que-son-los-residuos-no-peligrosos\/#primaryimage"},"image":{"@id":"https:\/\/vilavilaserveisambientals.com\/es\/que-son-los-residuos-no-peligrosos\/#primaryimage"},"thumbnailUrl":"https:\/\/vilavilaserveisambientals.com\/wp-content\/uploads\/2025\/07\/250327-Serveis-Ambientals-31-scaled.jpg","datePublished":"2026-02-12T07:46:38+00:00","dateModified":"2026-04-09T21:16:15+00:00","description":"\u00bfQu\u00e9 son los residuos no peligrosos? C\u00f3mo diferenciarlos y por qu\u00e9 su correcta gesti\u00f3n es clave para una econom\u00eda circular y sostenible.","breadcrumb":{"@id":"https:\/\/vilavilaserveisambientals.com\/es\/que-son-los-residuos-no-peligrosos\/#breadcrumb"},"inLanguage":"es","potentialAction":[{"@type":"ReadAction","target":["https:\/\/vilavilaserveisambientals.com\/es\/que-son-los-residuos-no-peligrosos\/"]}]},{"@type":"ImageObject","inLanguage":"es","@id":"https:\/\/vilavilaserveisambientals.com\/es\/que-son-los-residuos-no-peligrosos\/#primaryimage","url":"https:\/\/vilavilaserveisambientals.com\/wp-content\/uploads\/2025\/07\/250327-Serveis-Ambientals-31-scaled.jpg","contentUrl":"https:\/\/vilavilaserveisambientals.com\/wp-content\/uploads\/2025\/07\/250327-Serveis-Ambientals-31-scaled.jpg","width":2560,"height":1707},{"@type":"BreadcrumbList","@id":"https:\/\/vilavilaserveisambientals.com\/es\/que-son-los-residuos-no-peligrosos\/#breadcrumb","itemListElement":[{"@type":"ListItem","position":1,"name":"Home page","item":"https:\/\/vilavilaserveisambientals.com\/es\/"},{"@type":"ListItem","position":2,"name":"\u00bfQu\u00e9 son los residuos no peligrosos?"}]},{"@type":"WebSite","@id":"https:\/\/vilavilaserveisambientals.com\/es\/#website","url":"https:\/\/vilavilaserveisambientals.com\/es\/","name":"Vil\u00e0 Vila","description":"Serveis ambientals","publisher":{"@id":"https:\/\/vilavilaserveisambientals.com\/es\/#organization"},"potentialAction":[{"@type":"SearchAction","target":{"@type":"EntryPoint","urlTemplate":"https:\/\/vilavilaserveisambientals.com\/es\/?s={search_term_string}"},"query-input":{"@type":"PropertyValueSpecification","valueRequired":true,"valueName":"search_term_string"}}],"inLanguage":"es"},{"@type":"Organization","@id":"https:\/\/vilavilaserveisambientals.com\/es\/#organization","name":"Vil\u00e0 Vila Serveis Ambientals","url":"https:\/\/vilavilaserveisambientals.com\/es\/","logo":{"@type":"ImageObject","inLanguage":"es","@id":"https:\/\/vilavilaserveisambientals.com\/es\/#\/schema\/logo\/image\/","url":"https:\/\/vilavilaserveisambientals.com\/wp-content\/uploads\/2025\/05\/Logo-VVSA-OK-scaled.png","contentUrl":"https:\/\/vilavilaserveisambientals.com\/wp-content\/uploads\/2025\/05\/Logo-VVSA-OK-scaled.png","width":2560,"height":551,"caption":"Vil\u00e0 Vila Serveis Ambientals"},"image":{"@id":"https:\/\/vilavilaserveisambientals.com\/es\/#\/schema\/logo\/image\/"},"sameAs":["https:\/\/www.instagram.com\/vilavilaserveisambientals\/","https:\/\/www.linkedin.com\/company\/vil-vil-serveis-ambientals\/"]},{"@type":"Person","@id":"https:\/\/vilavilaserveisambientals.com\/es\/#\/schema\/person\/197273ab9933200dd02d8c1fef65db80","name":"Michaella Masters","image":{"@type":"ImageObject","inLanguage":"es","@id":"https:\/\/secure.gravatar.com\/avatar\/3c60641fa7d7014a0f78d57855c85814b18c069da344593668be2d255c8dbaec?s=96&d=mm&r=g","url":"https:\/\/secure.gravatar.com\/avatar\/3c60641fa7d7014a0f78d57855c85814b18c069da344593668be2d255c8dbaec?s=96&d=mm&r=g","contentUrl":"https:\/\/secure.gravatar.com\/avatar\/3c60641fa7d7014a0f78d57855c85814b18c069da344593668be2d255c8dbaec?s=96&d=mm&r=g","caption":"Michaella Masters"},"url":"https:\/\/vilavilaserveisambientals.com\/es\/author\/michaella-m\/"}]}},"_links":{"self":[{"href":"https:\/\/vilavilaserveisambientals.com\/es\/wp-json\/wp\/v2\/posts\/1211","targetHints":{"allow":["GET"]}}],"collection":[{"href":"https:\/\/vilavilaserveisambientals.com\/es\/wp-json\/wp\/v2\/posts"}],"about":[{"href":"https:\/\/vilavilaserveisambientals.com\/es\/wp-json\/wp\/v2\/types\/post"}],"author":[{"embeddable":true,"href":"https:\/\/vilavilaserveisambientals.com\/es\/wp-json\/wp\/v2\/users\/2"}],"replies":[{"embeddable":true,"href":"https:\/\/vilavilaserveisambientals.com\/es\/wp-json\/wp\/v2\/comments?post=1211"}],"version-history":[{"count":3,"href":"https:\/\/vilavilaserveisambientals.com\/es\/wp-json\/wp\/v2\/posts\/1211\/revisions"}],"predecessor-version":[{"id":1217,"href":"https:\/\/vilavilaserveisambientals.com\/es\/wp-json\/wp\/v2\/posts\/1211\/revisions\/1217"}],"wp:featuredmedia":[{"embeddable":true,"href":"https:\/\/vilavilaserveisambientals.com\/es\/wp-json\/wp\/v2\/media\/1212"}],"wp:attachment":[{"href":"https:\/\/vilavilaserveisambientals.com\/es\/wp-json\/wp\/v2\/media?parent=1211"}],"wp:term":[{"taxonomy":"category","embeddable":true,"href":"https:\/\/vilavilaserveisambientals.com\/es\/wp-json\/wp\/v2\/categories?post=1211"},{"taxonomy":"post_tag","embeddable":true,"href":"https:\/\/vilavilaserveisambientals.com\/es\/wp-json\/wp\/v2\/tags?post=1211"}],"curies":[{"name":"wp","href":"https:\/\/api.w.org\/{rel}","templated":true}]}}